{"id":2881,"date":"2025-04-10T15:17:09","date_gmt":"2025-04-10T13:17:09","guid":{"rendered":"https:\/\/tammer.ee\/?p=2881"},"modified":"2025-05-23T11:34:07","modified_gmt":"2025-05-23T09:34:07","slug":"take-your-child-to-work-day-at-tammer","status":"publish","type":"post","link":"https:\/\/tammer.ee\/en\/take-your-child-to-work-day-at-tammer\/","title":{"rendered":"\u201cTake Your Child to Work\u201d Day at Tammer!"},"content":{"rendered":"\n<p>On Wednesday, the nationwide \u201cTake Your Child to Work Day\u201d took place, and for the first time, Tammer participated in this initiative. This event, launched by the Estonian Chamber of Commerce and Industry<strong>,<\/strong>&nbsp;aims to give children and young people the opportunity to explore the working world and see what their parents do on a daily basis.<\/p>\n\n\n\n<p>Tammer employees\u2019 children got a glimpse into both the office and the production area, discovering the behind-the-scenes world of doors. It was an exciting and educational day filled with new experiences and inspiring moments!<\/p>\n","protected":false},"excerpt":{"rendered":"<p>On Wednesday, the nationwide \u201cTake Your Child to Work Day\u201d took place, and for the first time, Tammer participated in this initiative. This event, launched by the Estonian Chamber of Commerce and Industry,&nbsp;aims to give children and young people the opportunity to explore the working world and see what their parents do on a daily [&hellip;]<\/p>\n","protected":false},"author":2,"featured_media":168,"comment_status":"closed","ping_status":"open","sticky":false,"template":"","format":"standard","meta":{"_acf_changed":false,"footnotes":""},"categories":[15],"tags":[],"class_list":["post-2881","post","type-post","status-publish","format-standard","has-post-thumbnail","hentry","category-uncategorized"],"acf":[],"yoast_head":"<!-- This site is optimized with the Yoast SEO plugin v27.3 - https:\/\/yoast.com\/product\/yoast-seo-wordpress\/ -->\n<title>\u201cTake Your Child to Work\u201d Day at Tammer! - Tammer<\/title>\n<meta name=\"robots\" content=\"index, follow, max-snippet:-1, max-image-preview:large, max-video-preview:-1\" \/>\n<link rel=\"canonical\" href=\"https:\/\/tammer.ee\/en\/take-your-child-to-work-day-at-tammer\/\" \/>\n<meta property=\"og:locale\" content=\"en_US\" \/>\n<meta property=\"og:type\" content=\"article\" \/>\n<meta property=\"og:title\" content=\"\u201cTake Your Child to Work\u201d Day at Tammer! - Tammer\" \/>\n<meta property=\"og:description\" content=\"On Wednesday, the nationwide \u201cTake Your Child to Work Day\u201d took place, and for the first time, Tammer participated in this initiative. This event, launched by the Estonian Chamber of Commerce and Industry,&nbsp;aims to give children and young people the opportunity to explore the working world and see what their parents do on a daily [&hellip;]\" \/>\n<meta property=\"og:url\" content=\"https:\/\/tammer.ee\/en\/take-your-child-to-work-day-at-tammer\/\" \/>\n<meta property=\"og:site_name\" content=\"Tammer\" \/>\n<meta property=\"article:published_time\" content=\"2025-04-10T13:17:09+00:00\" \/>\n<meta property=\"article:modified_time\" content=\"2025-05-23T09:34:07+00:00\" \/>\n<meta property=\"og:image\" content=\"https:\/\/tammer.ee\/wp-content\/uploads\/2025\/04\/Meedium-22-scaled-e1740121883505.jpg\" \/>\n\t<meta property=\"og:image:width\" content=\"2048\" \/>\n\t<meta property=\"og:image:height\" content=\"1330\" \/>\n\t<meta property=\"og:image:type\" content=\"image\/jpeg\" \/>\n<meta name=\"author\" content=\"info@tammer.ee\" \/>\n<meta name=\"twitter:card\" content=\"summary_large_image\" \/>\n<meta name=\"twitter:label1\" content=\"Written by\" \/>\n\t<meta name=\"twitter:data1\" content=\"info@tammer.ee\" \/>\n<script type=\"application\/ld+json\" class=\"yoast-schema-graph\">{\"@context\":\"https:\\\/\\\/schema.org\",\"@graph\":[{\"@type\":\"Article\",\"@id\":\"https:\\\/\\\/tammer.ee\\\/en\\\/take-your-child-to-work-day-at-tammer\\\/#article\",\"isPartOf\":{\"@id\":\"https:\\\/\\\/tammer.ee\\\/en\\\/take-your-child-to-work-day-at-tammer\\\/\"},\"author\":{\"name\":\"info@tammer.ee\",\"@id\":\"https:\\\/\\\/tammer.ee\\\/en\\\/#\\\/schema\\\/person\\\/f9c9821187ff47151448f261d9e9a913\"},\"headline\":\"\u201cTake Your Child to Work\u201d Day at Tammer!\",\"datePublished\":\"2025-04-10T13:17:09+00:00\",\"dateModified\":\"2025-05-23T09:34:07+00:00\",\"mainEntityOfPage\":{\"@id\":\"https:\\\/\\\/tammer.ee\\\/en\\\/take-your-child-to-work-day-at-tammer\\\/\"},\"wordCount\":100,\"publisher\":{\"@id\":\"https:\\\/\\\/tammer.ee\\\/en\\\/#organization\"},\"image\":{\"@id\":\"https:\\\/\\\/tammer.ee\\\/en\\\/take-your-child-to-work-day-at-tammer\\\/#primaryimage\"},\"thumbnailUrl\":\"https:\\\/\\\/tammer.ee\\\/wp-content\\\/uploads\\\/2025\\\/04\\\/Meedium-22-scaled-e1740121883505.jpg\",\"inLanguage\":\"en-US\"},{\"@type\":\"WebPage\",\"@id\":\"https:\\\/\\\/tammer.ee\\\/en\\\/take-your-child-to-work-day-at-tammer\\\/\",\"url\":\"https:\\\/\\\/tammer.ee\\\/en\\\/take-your-child-to-work-day-at-tammer\\\/\",\"name\":\"\u201cTake Your Child to Work\u201d Day at Tammer! - Tammer\",\"isPartOf\":{\"@id\":\"https:\\\/\\\/tammer.ee\\\/en\\\/#website\"},\"primaryImageOfPage\":{\"@id\":\"https:\\\/\\\/tammer.ee\\\/en\\\/take-your-child-to-work-day-at-tammer\\\/#primaryimage\"},\"image\":{\"@id\":\"https:\\\/\\\/tammer.ee\\\/en\\\/take-your-child-to-work-day-at-tammer\\\/#primaryimage\"},\"thumbnailUrl\":\"https:\\\/\\\/tammer.ee\\\/wp-content\\\/uploads\\\/2025\\\/04\\\/Meedium-22-scaled-e1740121883505.jpg\",\"datePublished\":\"2025-04-10T13:17:09+00:00\",\"dateModified\":\"2025-05-23T09:34:07+00:00\",\"breadcrumb\":{\"@id\":\"https:\\\/\\\/tammer.ee\\\/en\\\/take-your-child-to-work-day-at-tammer\\\/#breadcrumb\"},\"inLanguage\":\"en-US\",\"potentialAction\":[{\"@type\":\"ReadAction\",\"target\":[\"https:\\\/\\\/tammer.ee\\\/en\\\/take-your-child-to-work-day-at-tammer\\\/\"]}]},{\"@type\":\"ImageObject\",\"inLanguage\":\"en-US\",\"@id\":\"https:\\\/\\\/tammer.ee\\\/en\\\/take-your-child-to-work-day-at-tammer\\\/#primaryimage\",\"url\":\"https:\\\/\\\/tammer.ee\\\/wp-content\\\/uploads\\\/2025\\\/04\\\/Meedium-22-scaled-e1740121883505.jpg\",\"contentUrl\":\"https:\\\/\\\/tammer.ee\\\/wp-content\\\/uploads\\\/2025\\\/04\\\/Meedium-22-scaled-e1740121883505.jpg\",\"width\":2048,\"height\":1330,\"caption\":\"Laps t\u00f6\u00f6le kaasa p\u00e4ev Tammeris\"},{\"@type\":\"BreadcrumbList\",\"@id\":\"https:\\\/\\\/tammer.ee\\\/en\\\/take-your-child-to-work-day-at-tammer\\\/#breadcrumb\",\"itemListElement\":[{\"@type\":\"ListItem\",\"position\":1,\"name\":\"Home\",\"item\":\"https:\\\/\\\/tammer.ee\\\/en\\\/homepage\\\/\"},{\"@type\":\"ListItem\",\"position\":2,\"name\":\"\u201cTake Your Child to Work\u201d Day at Tammer!\"}]},{\"@type\":\"WebSite\",\"@id\":\"https:\\\/\\\/tammer.ee\\\/en\\\/#website\",\"url\":\"https:\\\/\\\/tammer.ee\\\/en\\\/\",\"name\":\"Tammer\",\"description\":\"\",\"publisher\":{\"@id\":\"https:\\\/\\\/tammer.ee\\\/en\\\/#organization\"},\"potentialAction\":[{\"@type\":\"SearchAction\",\"target\":{\"@type\":\"EntryPoint\",\"urlTemplate\":\"https:\\\/\\\/tammer.ee\\\/en\\\/?s={search_term_string}\"},\"query-input\":{\"@type\":\"PropertyValueSpecification\",\"valueRequired\":true,\"valueName\":\"search_term_string\"}}],\"inLanguage\":\"en-US\"},{\"@type\":\"Organization\",\"@id\":\"https:\\\/\\\/tammer.ee\\\/en\\\/#organization\",\"name\":\"Tammer\",\"url\":\"https:\\\/\\\/tammer.ee\\\/en\\\/\",\"logo\":{\"@type\":\"ImageObject\",\"inLanguage\":\"en-US\",\"@id\":\"https:\\\/\\\/tammer.ee\\\/en\\\/#\\\/schema\\\/logo\\\/image\\\/\",\"url\":\"https:\\\/\\\/tammer.ee\\\/wp-content\\\/uploads\\\/2025\\\/04\\\/logo-white.svg\",\"contentUrl\":\"https:\\\/\\\/tammer.ee\\\/wp-content\\\/uploads\\\/2025\\\/04\\\/logo-white.svg\",\"caption\":\"Tammer\"},\"image\":{\"@id\":\"https:\\\/\\\/tammer.ee\\\/en\\\/#\\\/schema\\\/logo\\\/image\\\/\"}},{\"@type\":\"Person\",\"@id\":\"https:\\\/\\\/tammer.ee\\\/en\\\/#\\\/schema\\\/person\\\/f9c9821187ff47151448f261d9e9a913\",\"name\":\"info@tammer.ee\",\"url\":\"https:\\\/\\\/tammer.ee\\\/en\\\/author\\\/infotammer-ee\\\/\"}]}<\/script>\n<!-- \/ Yoast SEO plugin. -->","yoast_head_json":{"title":"\u201cTake Your Child to Work\u201d Day at Tammer! - Tammer","robots":{"index":"index","follow":"follow","max-snippet":"max-snippet:-1","max-image-preview":"max-image-preview:large","max-video-preview":"max-video-preview:-1"},"canonical":"https:\/\/tammer.ee\/en\/take-your-child-to-work-day-at-tammer\/","og_locale":"en_US","og_type":"article","og_title":"\u201cTake Your Child to Work\u201d Day at Tammer! - Tammer","og_description":"On Wednesday, the nationwide \u201cTake Your Child to Work Day\u201d took place, and for the first time, Tammer participated in this initiative. This event, launched by the Estonian Chamber of Commerce and Industry,&nbsp;aims to give children and young people the opportunity to explore the working world and see what their parents do on a daily [&hellip;]","og_url":"https:\/\/tammer.ee\/en\/take-your-child-to-work-day-at-tammer\/","og_site_name":"Tammer","article_published_time":"2025-04-10T13:17:09+00:00","article_modified_time":"2025-05-23T09:34:07+00:00","og_image":[{"width":2048,"height":1330,"url":"https:\/\/tammer.ee\/wp-content\/uploads\/2025\/04\/Meedium-22-scaled-e1740121883505.jpg","type":"image\/jpeg"}],"author":"info@tammer.ee","twitter_card":"summary_large_image","twitter_misc":{"Written by":"info@tammer.ee"},"schema":{"@context":"https:\/\/schema.org","@graph":[{"@type":"Article","@id":"https:\/\/tammer.ee\/en\/take-your-child-to-work-day-at-tammer\/#article","isPartOf":{"@id":"https:\/\/tammer.ee\/en\/take-your-child-to-work-day-at-tammer\/"},"author":{"name":"info@tammer.ee","@id":"https:\/\/tammer.ee\/en\/#\/schema\/person\/f9c9821187ff47151448f261d9e9a913"},"headline":"\u201cTake Your Child to Work\u201d Day at Tammer!","datePublished":"2025-04-10T13:17:09+00:00","dateModified":"2025-05-23T09:34:07+00:00","mainEntityOfPage":{"@id":"https:\/\/tammer.ee\/en\/take-your-child-to-work-day-at-tammer\/"},"wordCount":100,"publisher":{"@id":"https:\/\/tammer.ee\/en\/#organization"},"image":{"@id":"https:\/\/tammer.ee\/en\/take-your-child-to-work-day-at-tammer\/#primaryimage"},"thumbnailUrl":"https:\/\/tammer.ee\/wp-content\/uploads\/2025\/04\/Meedium-22-scaled-e1740121883505.jpg","inLanguage":"en-US"},{"@type":"WebPage","@id":"https:\/\/tammer.ee\/en\/take-your-child-to-work-day-at-tammer\/","url":"https:\/\/tammer.ee\/en\/take-your-child-to-work-day-at-tammer\/","name":"\u201cTake Your Child to Work\u201d Day at Tammer! - Tammer","isPartOf":{"@id":"https:\/\/tammer.ee\/en\/#website"},"primaryImageOfPage":{"@id":"https:\/\/tammer.ee\/en\/take-your-child-to-work-day-at-tammer\/#primaryimage"},"image":{"@id":"https:\/\/tammer.ee\/en\/take-your-child-to-work-day-at-tammer\/#primaryimage"},"thumbnailUrl":"https:\/\/tammer.ee\/wp-content\/uploads\/2025\/04\/Meedium-22-scaled-e1740121883505.jpg","datePublished":"2025-04-10T13:17:09+00:00","dateModified":"2025-05-23T09:34:07+00:00","breadcrumb":{"@id":"https:\/\/tammer.ee\/en\/take-your-child-to-work-day-at-tammer\/#breadcrumb"},"inLanguage":"en-US","potentialAction":[{"@type":"ReadAction","target":["https:\/\/tammer.ee\/en\/take-your-child-to-work-day-at-tammer\/"]}]},{"@type":"ImageObject","inLanguage":"en-US","@id":"https:\/\/tammer.ee\/en\/take-your-child-to-work-day-at-tammer\/#primaryimage","url":"https:\/\/tammer.ee\/wp-content\/uploads\/2025\/04\/Meedium-22-scaled-e1740121883505.jpg","contentUrl":"https:\/\/tammer.ee\/wp-content\/uploads\/2025\/04\/Meedium-22-scaled-e1740121883505.jpg","width":2048,"height":1330,"caption":"Laps t\u00f6\u00f6le kaasa p\u00e4ev Tammeris"},{"@type":"BreadcrumbList","@id":"https:\/\/tammer.ee\/en\/take-your-child-to-work-day-at-tammer\/#breadcrumb","itemListElement":[{"@type":"ListItem","position":1,"name":"Home","item":"https:\/\/tammer.ee\/en\/homepage\/"},{"@type":"ListItem","position":2,"name":"\u201cTake Your Child to Work\u201d Day at Tammer!"}]},{"@type":"WebSite","@id":"https:\/\/tammer.ee\/en\/#website","url":"https:\/\/tammer.ee\/en\/","name":"Tammer","description":"","publisher":{"@id":"https:\/\/tammer.ee\/en\/#organization"},"potentialAction":[{"@type":"SearchAction","target":{"@type":"EntryPoint","urlTemplate":"https:\/\/tammer.ee\/en\/?s={search_term_string}"},"query-input":{"@type":"PropertyValueSpecification","valueRequired":true,"valueName":"search_term_string"}}],"inLanguage":"en-US"},{"@type":"Organization","@id":"https:\/\/tammer.ee\/en\/#organization","name":"Tammer","url":"https:\/\/tammer.ee\/en\/","logo":{"@type":"ImageObject","inLanguage":"en-US","@id":"https:\/\/tammer.ee\/en\/#\/schema\/logo\/image\/","url":"https:\/\/tammer.ee\/wp-content\/uploads\/2025\/04\/logo-white.svg","contentUrl":"https:\/\/tammer.ee\/wp-content\/uploads\/2025\/04\/logo-white.svg","caption":"Tammer"},"image":{"@id":"https:\/\/tammer.ee\/en\/#\/schema\/logo\/image\/"}},{"@type":"Person","@id":"https:\/\/tammer.ee\/en\/#\/schema\/person\/f9c9821187ff47151448f261d9e9a913","name":"info@tammer.ee","url":"https:\/\/tammer.ee\/en\/author\/infotammer-ee\/"}]}},"_links":{"self":[{"href":"https:\/\/tammer.ee\/en\/wp-json\/wp\/v2\/posts\/2881","targetHints":{"allow":["GET"]}}],"collection":[{"href":"https:\/\/tammer.ee\/en\/wp-json\/wp\/v2\/posts"}],"about":[{"href":"https:\/\/tammer.ee\/en\/wp-json\/wp\/v2\/types\/post"}],"author":[{"embeddable":true,"href":"https:\/\/tammer.ee\/en\/wp-json\/wp\/v2\/users\/2"}],"replies":[{"embeddable":true,"href":"https:\/\/tammer.ee\/en\/wp-json\/wp\/v2\/comments?post=2881"}],"version-history":[{"count":1,"href":"https:\/\/tammer.ee\/en\/wp-json\/wp\/v2\/posts\/2881\/revisions"}],"predecessor-version":[{"id":2882,"href":"https:\/\/tammer.ee\/en\/wp-json\/wp\/v2\/posts\/2881\/revisions\/2882"}],"wp:featuredmedia":[{"embeddable":true,"href":"https:\/\/tammer.ee\/en\/wp-json\/wp\/v2\/media\/168"}],"wp:attachment":[{"href":"https:\/\/tammer.ee\/en\/wp-json\/wp\/v2\/media?parent=2881"}],"wp:term":[{"taxonomy":"category","embeddable":true,"href":"https:\/\/tammer.ee\/en\/wp-json\/wp\/v2\/categories?post=2881"},{"taxonomy":"post_tag","embeddable":true,"href":"https:\/\/tammer.ee\/en\/wp-json\/wp\/v2\/tags?post=2881"}],"curies":[{"name":"wp","href":"https:\/\/api.w.org\/{rel}","templated":true}]}}